{"id":4789,"date":"2011-11-24T21:51:00","date_gmt":"2011-11-24T16:21:00","guid":{"rendered":"https:\/\/www.johann-rousselot.com\/fr\/?p=4789"},"modified":"2020-08-11T11:53:57","modified_gmt":"2020-08-11T06:23:57","slug":"4789","status":"publish","type":"post","link":"https:\/\/www.johann-rousselot.com\/fr\/4789\/","title":{"rendered":""},"content":{"rendered":"","protected":false},"excerpt":{"rendered":"<h5>Le printemps marocain \u00e9touff\u00e9 ?<\/h5>\n<p class=\"has-small-font-size\"><em>En commande pour Le Monde.<\/em><\/p>\n<p class=\"has-small-font-size\">Couverture des \u00e9lections l\u00e9gislatives anticip\u00e9es du 25 novembre 2011, pour le quotidien et le Web, avec Isabelle Mandraud.<br \/>Image ci-dessus : manifestation du Mouvement du 20 F\u00e9vrier (M20), dont les slogans principaux appellent au boycott des \u00e9lections, et \u00e0 la fin du r\u00e9gime monarchique. Elle a rassembl\u00e9 environ 5000 personnes. Le 20 novembre 2011 \u00e0 Casablanca.<\/p>\n<pre class=\"wp-block-preformatted\">www.lemonde.fr <a rel=\"noreferrer noopener\" href=\"http:\/\/www.lemonde.fr\/afrique\/infographe\/2011\/11\/25\/la-participation-est-le-veritable-enjeu-du-scrutin-au-maroc_1609405_3212.html#ens_id=1554592\" target=\"_blank\">La participation est le v\u00e9ritable enjeu du scrutin au Maroc<\/a>\nwww.lemonde.fr <a rel=\"noreferrer noopener\" href=\"http:\/\/www.lemonde.fr\/afrique\/infographe\/2011\/11\/28\/48-heures-avec-le-pjd-qui-celebre-sa-victoire-au-maroc_1610266_3212.html#ens_id=1554592\" target=\"_blank\">48 heures avec les islamistes du PJD, qui f\u00eatent leur victoire au Maroc<\/a><\/pre>\n<figure class=\"wp-block-image size-medium\"><img decoding=\"async\" loading=\"lazy\" width=\"600\" height=\"479\" src=\"https:\/\/www.johann-rousselot.com\/fr\/wp-content\/uploads\/2012\/03\/09ROJ11022D_0403-600x479.jpg\" alt=\"\" class=\"wp-image-5138\" srcset=\"https:\/\/i0.wp.com\/www.johann-rousselot.com\/fr\/wp-content\/uploads\/2012\/03\/09ROJ11022D_0403.jpg?resize=600%2C479&amp;ssl=1 600w, https:\/\/i0.wp.com\/www.johann-rousselot.com\/fr\/wp-content\/uploads\/2012\/03\/09ROJ11022D_0403.jpg?resize=200%2C159&amp;ssl=1 200w, https:\/\/i0.wp.com\/www.johann-rousselot.com\/fr\/wp-content\/uploads\/2012\/03\/09ROJ11022D_0403.jpg?w=1024&amp;ssl=1 1024w\" sizes=\"(max-width: 600px) 100vw, 600px\" \/><figcaption>Quartier de Zaouia, une trentaine de membres et sympathisants du Mouvement du 20 F\u00e9vrier appellent la rue au boycottage des \u00e9lections du 25 novembre. Le 24 novembre 2011 \u00e0 Safi.<\/figcaption><\/figure>\n","protected":false},"author":2,"featured_media":5131,"comment_status":"open","ping_status":"open","sticky":false,"template":"","format":"standard","meta":{"jetpack_post_was_ever_published":false,"_jetpack_newsletter_access":"","_jetpack_newsletter_tier_id":0,"_vp_format_video_url":"","_vp_image_focal_point":[]},"categories":[196],"tags":[359,249,211],"jetpack_featured_media_url":"https:\/\/i0.wp.com\/www.johann-rousselot.com\/fr\/wp-content\/uploads\/2012\/03\/02ROJ11022D_0055.jpg?fit=1024%2C819&ssl=1","jetpack_sharing_enabled":true,"jetpack_shortlink":"https:\/\/wp.me\/scf8Bc-4789","_links":{"self":[{"href":"https:\/\/www.johann-rousselot.com\/fr\/wp-json\/wp\/v2\/posts\/4789"}],"collection":[{"href":"https:\/\/www.johann-rousselot.com\/fr\/wp-json\/wp\/v2\/posts"}],"about":[{"href":"https:\/\/www.johann-rousselot.com\/fr\/wp-json\/wp\/v2\/types\/post"}],"author":[{"embeddable":true,"href":"https:\/\/www.johann-rousselot.com\/fr\/wp-json\/wp\/v2\/users\/2"}],"replies":[{"embeddable":true,"href":"https:\/\/www.johann-rousselot.com\/fr\/wp-json\/wp\/v2\/comments?post=4789"}],"version-history":[{"count":7,"href":"https:\/\/www.johann-rousselot.com\/fr\/wp-json\/wp\/v2\/posts\/4789\/revisions"}],"predecessor-version":[{"id":9475,"href":"https:\/\/www.johann-rousselot.com\/fr\/wp-json\/wp\/v2\/posts\/4789\/revisions\/9475"}],"wp:featuredmedia":[{"embeddable":true,"href":"https:\/\/www.johann-rousselot.com\/fr\/wp-json\/wp\/v2\/media\/5131"}],"wp:attachment":[{"href":"https:\/\/www.johann-rousselot.com\/fr\/wp-json\/wp\/v2\/media?parent=4789"}],"wp:term":[{"taxonomy":"category","embeddable":true,"href":"https:\/\/www.johann-rousselot.com\/fr\/wp-json\/wp\/v2\/categories?post=4789"},{"taxonomy":"post_tag","embeddable":true,"href":"https:\/\/www.johann-rousselot.com\/fr\/wp-json\/wp\/v2\/tags?post=4789"}],"curies":[{"name":"wp","href":"https:\/\/api.w.org\/{rel}","templated":true}]}}