{"id":5325,"date":"2012-09-03T12:30:52","date_gmt":"2012-09-03T10:30:52","guid":{"rendered":"https:\/\/www.johann-rousselot.com\/fr\/?p=5325"},"modified":"2020-08-11T11:53:55","modified_gmt":"2020-08-11T06:23:55","slug":"5325","status":"publish","type":"post","link":"https:\/\/www.johann-rousselot.com\/fr\/5325\/","title":{"rendered":""},"content":{"rendered":"","protected":false},"excerpt":{"rendered":"<h5>Col\u00e8res \u00e0 Visa pour l&rsquo;Image<\/h5>\n<p class=\"has-small-font-size\"><em>Exposition au festival international de photojournalisme.<\/em><\/p>\n<p class=\"has-small-font-size\">Le projet \u00ab\u00a0Col\u00e8res\u00a0\u00bb, un travail de portraits au collage num\u00e9rique, est expos\u00e9 au Couvent des Minimes, du 1er au 16 septembre. Qui aurait cru une seconde que Djef&rsquo; Leroy (&lsquo;Ze King&rsquo;) ferait une exposition que de portraits !? Aah ben \u00e7a, il faudra lui demander <a rel=\"noreferrer noopener\" href=\"https:\/\/www.lemonde.fr\/culture\/article\/2012\/09\/07\/a-perpignan-les-portraits-des-revolutionnaires-du-web_1757346_3246.html\" target=\"_blank\">pourquoi<\/a> alors, au prochain verre de bi\u00e8re si tu le croises. C&rsquo;est un travail photojournARTistique, cens\u00e9 faire sens ! Ce qui veut dire que les \u00e9l\u00e9ments coll\u00e9s, c&rsquo;est pas gratuit, c&rsquo;est par du gadget.<\/p>\n<pre class=\"wp-block-preformatted\">Ce travail tout entier est visible <a href=\"https:\/\/www.johann-rousselot.com\/fr\/revolution-arabes-coleres\/\">ici<\/a>.<\/pre>\n","protected":false},"author":2,"featured_media":8944,"comment_status":"open","ping_status":"open","sticky":false,"template":"","format":"standard","meta":{"jetpack_post_was_ever_published":false,"_jetpack_newsletter_access":"","_jetpack_newsletter_tier_id":0,"_vp_format_video_url":"","_vp_image_focal_point":[]},"categories":[196],"tags":[347,355,356,139,354,352,90,211,353],"jetpack_featured_media_url":"https:\/\/i0.wp.com\/www.johann-rousselot.com\/fr\/wp-content\/uploads\/2012\/09\/Visa_2012_IMG_2725.png?fit=1024%2C341&ssl=1","jetpack_sharing_enabled":true,"jetpack_shortlink":"https:\/\/wp.me\/scf8Bc-5325","_links":{"self":[{"href":"https:\/\/www.johann-rousselot.com\/fr\/wp-json\/wp\/v2\/posts\/5325"}],"collection":[{"href":"https:\/\/www.johann-rousselot.com\/fr\/wp-json\/wp\/v2\/posts"}],"about":[{"href":"https:\/\/www.johann-rousselot.com\/fr\/wp-json\/wp\/v2\/types\/post"}],"author":[{"embeddable":true,"href":"https:\/\/www.johann-rousselot.com\/fr\/wp-json\/wp\/v2\/users\/2"}],"replies":[{"embeddable":true,"href":"https:\/\/www.johann-rousselot.com\/fr\/wp-json\/wp\/v2\/comments?post=5325"}],"version-history":[{"count":17,"href":"https:\/\/www.johann-rousselot.com\/fr\/wp-json\/wp\/v2\/posts\/5325\/revisions"}],"predecessor-version":[{"id":9468,"href":"https:\/\/www.johann-rousselot.com\/fr\/wp-json\/wp\/v2\/posts\/5325\/revisions\/9468"}],"wp:featuredmedia":[{"embeddable":true,"href":"https:\/\/www.johann-rousselot.com\/fr\/wp-json\/wp\/v2\/media\/8944"}],"wp:attachment":[{"href":"https:\/\/www.johann-rousselot.com\/fr\/wp-json\/wp\/v2\/media?parent=5325"}],"wp:term":[{"taxonomy":"category","embeddable":true,"href":"https:\/\/www.johann-rousselot.com\/fr\/wp-json\/wp\/v2\/categories?post=5325"},{"taxonomy":"post_tag","embeddable":true,"href":"https:\/\/www.johann-rousselot.com\/fr\/wp-json\/wp\/v2\/tags?post=5325"}],"curies":[{"name":"wp","href":"https:\/\/api.w.org\/{rel}","templated":true}]}}