{"id":5761,"date":"2012-11-02T09:21:33","date_gmt":"2012-11-02T08:21:33","guid":{"rendered":"https:\/\/www.johann-rousselot.com\/fr\/?p=5761"},"modified":"2020-08-14T12:25:08","modified_gmt":"2020-08-14T06:55:08","slug":"5761","status":"publish","type":"post","link":"https:\/\/www.johann-rousselot.com\/fr\/5761\/","title":{"rendered":""},"content":{"rendered":"","protected":false},"excerpt":{"rendered":"<h5>ZAD de Notre Dame des Landes #1<\/h5>\n<p class=\"has-drop-cap has-small-font-size\">Le mouvement d&rsquo;opposition au projet d&rsquo;a\u00e9roport du Grand-Ouest au nord de Nantes vit certainement ses derni\u00e8res heures. Difficile d&rsquo;en douter. Quoique\u2026 La mobilisation sur place, vue d&rsquo;ici (Paris, un \u00e9cran d&rsquo;ordinateur) force le respect, c&rsquo;est le moins que l&rsquo;on puisse dire. Mais qu&rsquo;est-ce qui motive tant ces gens ? O\u00f9 trouvent-ils la force de ? Cette r\u00e9silience ? Comment entretiennent-ils l&rsquo;espoir de la victoire, apr\u00e8s tant d&rsquo;ann\u00e9es ? N&rsquo;ont-ils pas froid, l&rsquo;hiver, dans leurs cabanes, les pieds dans la glaise glaciale ? Des questions bien na\u00efves de citadin bien au chaud, certainement. Faut-il que ce soit une vocation, une culture familiale, d&rsquo;\u00eatre militant ? Est-ce un mode de vie, tout simplement, en fin de compte ? Voil\u00e0 les premi\u00e8res questions que je me pose en rendant sur la \u00ab\u00a0zone de combat\u00a0\u00bb. Sur cette zone d&rsquo;un autre monde impossible.<br \/>Pourtant au Larzac, les activistes, ils ont gagn\u00e9. Ces deux luttes ont tout de proches cousines. N\u00e9es \u00e0 la m\u00eame \u00e9poque en plus, il y a une quarantaine d&rsquo;ann\u00e9es. O\u00f9 s&rsquo;arr\u00eatent les similitudes, o\u00f9 commencent les diff\u00e9rences ? Mais surtout, pourquoi la mayonnaise ne prend pas \u00e0 Notre Dame des Landes ? Ou semble ne pas prendre ? \u00ab A premi\u00e8re vue, l\u2019affaire Notre Dame des Landes ressemble \u00e0 un Larzac qui n\u2019aurait pas trouv\u00e9 son Jos\u00e9 Bov\u00e9 \u00bb (Rue 89, Sophie Verney-Caillat).<br \/>Est-ce l&rsquo;\u00e9poque qui a tant chang\u00e9 ? Pourtant dans les ann\u00e9es 1970 le Progr\u00e8s, comme on disait, avait encore bonne r\u00e9putation et recevait l&rsquo;aval sans discussion de la population dans sa grande majorit\u00e9. On l\u2019applaudissait. Il n&rsquo;\u00e9tait pas tant synonyme, comme aujourd&rsquo;hui, de destruction environnementale et de lib\u00e9ralisme odieux. Alors qu&rsquo;aujourd&rsquo;hui\u2026<br \/>Toutes les causes s&rsquo;y sont donn\u00e9es rendez-vous. Comme au Larzac. \u00ab \u00c0 travers elle (la ZAD), nous combattons l\u2019alimentation sous perfusion, la soci\u00e9t\u00e9 industrielle et son r\u00e9chauffement climatique, les politiques de d\u00e9veloppement \u00e9conomique et de contr\u00f4le du territoire, les m\u00e9tropoles et la normalisation des formes de vie, la privatisation du commun, le mythe de la croissance et l\u2019illusion de participation d\u00e9mocratique&#8230; \u00bb. Rien que \u00e7a ! Et l\u00e0 aussi s&rsquo;agglom\u00e8re une foule h\u00e9t\u00e9roclite, livrant une guerre d&rsquo;usure contre la logique d\u00e9veloppementiste. Une population que l&rsquo;on ne peut, de ce qu&rsquo;on peut lire ici et l\u00e0, r\u00e9sumer \u00e0 un groupe de rebelles anarcho-autonomes ou \u00e0 une mouvance verte radicale et intol\u00e9rante.<br \/>J&rsquo;ai donc d\u00e9cid\u00e9 de me rendre sur place. Aller voir et comprendre ce que je peux par moi-m\u00eame, par la gr\u00e2ce du terrain. J&rsquo;ai aussi en t\u00eate, bien entendu, une carotte photographique. Continuer mon projet \u00ab\u00a0Col\u00e8res\u00a0\u00bb, \u00e0 l&rsquo;origine une s\u00e9rie des militants et r\u00e9volutionnaires des insurrections arabes de 2011. Et qu&rsquo;il me para\u00eet logique de continuer sur d&rsquo;autres terrains de foi activiste. D&rsquo;autres combats.<\/p>\n<p class=\"has-small-font-size\">Plusieurs dates proches sont annonc\u00e9es sur le calendrier. Ce \u00ab\u00a0on ne l\u00e2che rien\u00a0\u00bb des \u00ab\u00a0zadistes\u00a0\u00bb semble \u00eatre b\u00e2ti en b\u00e9ton arm\u00e9, si vous me passez cette expression. Voyez les prochaines r\u00e9jouissances : \u00ab Au-del\u00e0 d\u2019une manifestation, il s\u2019agit avant tout d\u2019une action collective qui gagnera en puissance avec une pr\u00e9sence longue et active du plus grand nombre. Pr\u00e9voyez d\u2019\u00eatre l\u00e0 pendant le week-end et plus si possible pour amorcer l\u2019occupation, continuer les constructions, les d\u00e9fendre, et en faire \u00e9merger des id\u00e9es pour la suite. Amenez des outils et mat\u00e9riaux divers et vari\u00e9s, des bleus de travail, du son, des cr\u00e9ations loufoques, des radios portatives, des tartes \u00e0 partager et une d\u00e9termination sans faille. En vue du 17 novembre, on cherche des poutres, mat\u00e9riaux de construction et d\u2019escalade, cuisines collectives, chapiteaux, musiciens, batukadas, cabanes en kit, outils, tracteurs\u2026\u00bb.<\/p>\n","protected":false},"author":2,"featured_media":8943,"comment_status":"open","ping_status":"open","sticky":false,"template":"","format":"standard","meta":{"jetpack_post_was_ever_published":false,"_jetpack_newsletter_access":"","_jetpack_newsletter_tier_id":0,"_vp_format_video_url":"","_vp_image_focal_point":[]},"categories":[196],"tags":[226,287,296,298,297,256,229,295,299,294],"jetpack_featured_media_url":"https:\/\/i0.wp.com\/www.johann-rousselot.com\/fr\/wp-content\/uploads\/2012\/11\/monde_nddl_1.jpg?fit=1024%2C599&ssl=1","jetpack_sharing_enabled":true,"jetpack_shortlink":"https:\/\/wp.me\/scf8Bc-5761","_links":{"self":[{"href":"https:\/\/www.johann-rousselot.com\/fr\/wp-json\/wp\/v2\/posts\/5761"}],"collection":[{"href":"https:\/\/www.johann-rousselot.com\/fr\/wp-json\/wp\/v2\/posts"}],"about":[{"href":"https:\/\/www.johann-rousselot.com\/fr\/wp-json\/wp\/v2\/types\/post"}],"author":[{"embeddable":true,"href":"https:\/\/www.johann-rousselot.com\/fr\/wp-json\/wp\/v2\/users\/2"}],"replies":[{"embeddable":true,"href":"https:\/\/www.johann-rousselot.com\/fr\/wp-json\/wp\/v2\/comments?post=5761"}],"version-history":[{"count":17,"href":"https:\/\/www.johann-rousselot.com\/fr\/wp-json\/wp\/v2\/posts\/5761\/revisions"}],"predecessor-version":[{"id":10216,"href":"https:\/\/www.johann-rousselot.com\/fr\/wp-json\/wp\/v2\/posts\/5761\/revisions\/10216"}],"wp:featuredmedia":[{"embeddable":true,"href":"https:\/\/www.johann-rousselot.com\/fr\/wp-json\/wp\/v2\/media\/8943"}],"wp:attachment":[{"href":"https:\/\/www.johann-rousselot.com\/fr\/wp-json\/wp\/v2\/media?parent=5761"}],"wp:term":[{"taxonomy":"category","embeddable":true,"href":"https:\/\/www.johann-rousselot.com\/fr\/wp-json\/wp\/v2\/categories?post=5761"},{"taxonomy":"post_tag","embeddable":true,"href":"https:\/\/www.johann-rousselot.com\/fr\/wp-json\/wp\/v2\/tags?post=5761"}],"curies":[{"name":"wp","href":"https:\/\/api.w.org\/{rel}","templated":true}]}}