{"id":5797,"date":"2012-11-12T16:22:03","date_gmt":"2012-11-12T10:52:03","guid":{"rendered":"https:\/\/www.johann-rousselot.com\/fr\/?p=5797"},"modified":"2020-08-11T11:53:55","modified_gmt":"2020-08-11T06:23:55","slug":"5797","status":"publish","type":"post","link":"https:\/\/www.johann-rousselot.com\/fr\/5797\/","title":{"rendered":""},"content":{"rendered":"","protected":false},"excerpt":{"rendered":"<h5>ZAD de Notre Dame des Landes #2<\/h5>\n<p class=\"has-drop-cap has-small-font-size\">Lutte contre le projet d&rsquo;a\u00e9roport de Notre Dame des Landes. La Une + une int\u00e9rieure dans le quotidien Le Monde dat\u00e9 du 9 novembre 2012 &#8211; article <a href=\"https:\/\/www.lemonde.fr\/planete\/article\/2012\/11\/08\/le-bocage-nantais-entre-en-guerilla-a-notre-dame-des-landes_1787742_3244.html\">disponible en ligne<\/a>. J&rsquo;\u00e9tais sur place pour couvrir ce conflit \u00e0 titre personnel, le journal vient \u00e0 le savoir, et m&rsquo;appelle, une commande en compagnie de <a rel=\"noreferrer noopener\" href=\"https:\/\/www.lemonde.fr\/recherche\/?search_keywords=remi+barroux&amp;start_at=19%2F12%2F1944&amp;end_at=27%2F07%2F2020&amp;search_sort=relevance_desc\" target=\"_blank\">Remi Barroux<\/a> qui me rejoint au coeur de la \u00ab\u00a0gueerrrrre\u00a0\u00bb, parce que oui, \u00e7a joue pas au nounours ici d\u00e9but novembre, les dents sont serr\u00e9es et les couteaux tir\u00e9s des deux c\u00f4t\u00e9s ; les forces de l&rsquo;ordre, comme on dit, enfin, d&rsquo;un autre ordre en tous cas, sont vraiment pas contentes, et les zadistes, terme qui rentre doucement dans le langage courant de la France, adorent en d\u00e9coudre avec les &lsquo;bleus&rsquo;. Du moins certains ; car tous les zadistes ne sont pas des violents. C&rsquo;est une triangulation qui est en train de faire ses preuves ; l&rsquo;axe juridique, l&rsquo;axe politico-m\u00e9diatique, et l&rsquo;axe du terrain, de son occupation et avec la violence s&rsquo;il le faut.<\/p>\n<p class=\"has-small-font-size\"><em>En commande pour Le Monde.<\/em><\/p>\n<pre class=\"wp-block-preformatted\">Voir mon travail personnel sur cette ZAD en 2 chapitres : le <a href=\"https:\/\/www.johann-rousselot.com\/fr\/notre-dame-des-landes-film\/\">film photographique<\/a>, et les <a href=\"https:\/\/www.johann-rousselot.com\/fr\/notre-dame-des-landes-portraits-coleres\/\">portraits-collages-num\u00e9riques<\/a>.<\/pre>\n","protected":false},"author":2,"featured_media":8942,"comment_status":"open","ping_status":"open","sticky":false,"template":"","format":"standard","meta":{"jetpack_post_was_ever_published":false,"_jetpack_newsletter_access":"","_jetpack_newsletter_tier_id":0,"_vp_format_video_url":"","_vp_image_focal_point":[]},"categories":[196],"tags":[226,287,296,298,297,256,229,295,299,294],"jetpack_featured_media_url":"https:\/\/i0.wp.com\/www.johann-rousselot.com\/fr\/wp-content\/uploads\/2012\/11\/monde_nddl_2.jpg?fit=1024%2C569&ssl=1","jetpack_sharing_enabled":true,"jetpack_shortlink":"https:\/\/wp.me\/scf8Bc-5797","_links":{"self":[{"href":"https:\/\/www.johann-rousselot.com\/fr\/wp-json\/wp\/v2\/posts\/5797"}],"collection":[{"href":"https:\/\/www.johann-rousselot.com\/fr\/wp-json\/wp\/v2\/posts"}],"about":[{"href":"https:\/\/www.johann-rousselot.com\/fr\/wp-json\/wp\/v2\/types\/post"}],"author":[{"embeddable":true,"href":"https:\/\/www.johann-rousselot.com\/fr\/wp-json\/wp\/v2\/users\/2"}],"replies":[{"embeddable":true,"href":"https:\/\/www.johann-rousselot.com\/fr\/wp-json\/wp\/v2\/comments?post=5797"}],"version-history":[{"count":16,"href":"https:\/\/www.johann-rousselot.com\/fr\/wp-json\/wp\/v2\/posts\/5797\/revisions"}],"predecessor-version":[{"id":9463,"href":"https:\/\/www.johann-rousselot.com\/fr\/wp-json\/wp\/v2\/posts\/5797\/revisions\/9463"}],"wp:featuredmedia":[{"embeddable":true,"href":"https:\/\/www.johann-rousselot.com\/fr\/wp-json\/wp\/v2\/media\/8942"}],"wp:attachment":[{"href":"https:\/\/www.johann-rousselot.com\/fr\/wp-json\/wp\/v2\/media?parent=5797"}],"wp:term":[{"taxonomy":"category","embeddable":true,"href":"https:\/\/www.johann-rousselot.com\/fr\/wp-json\/wp\/v2\/categories?post=5797"},{"taxonomy":"post_tag","embeddable":true,"href":"https:\/\/www.johann-rousselot.com\/fr\/wp-json\/wp\/v2\/tags?post=5797"}],"curies":[{"name":"wp","href":"https:\/\/api.w.org\/{rel}","templated":true}]}}